{"id":1128,"date":"2013-05-31T10:10:25","date_gmt":"2013-05-31T13:10:25","guid":{"rendered":"http:\/\/masonlar.org\/hur\/?p=1128"},"modified":"2013-05-31T10:16:00","modified_gmt":"2013-05-31T13:16:00","slug":"biraz-da-sanat-adalilar","status":"publish","type":"post","link":"https:\/\/masonlar.org\/hur\/2013\/05\/31\/biraz-da-sanat-adalilar\/","title":{"rendered":"Biraz da Sanat: Adal\u0131lar"},"content":{"rendered":"<p>&#8212;&#8212;<\/p>\n<p>Televizyonla y\u0131ld\u0131z\u0131m hi\u00e7 bar\u0131\u015fmad\u0131 dersem yalan olmaz.<\/p>\n<p>Ancak TV 8 a\u00e7\u0131ld\u0131\u011f\u0131 o ilk d\u00f6nemlerde kalitesiyle dikkatimi \u00e7ekmi\u015fti. \u00d6zellikle <strong>sanatsal<\/strong> a\u011f\u0131rl\u0131kta bir kadraj, renk d\u00fczeni ve makyaj anlay\u0131\u015f\u0131 olmas\u0131yla do\u011frudan vizyon olarak &#8220;di\u011ferleri&#8221;nden benim g\u00f6z\u00fcmde ayr\u0131l\u0131yordu. Sanatsal <strong>programlar<\/strong>\u0131n a\u011f\u0131rl\u0131kta olmas\u0131 da cabas\u0131&#8230;<\/p>\n<p>Dolay\u0131s\u0131yla dinlenmek i\u00e7in kendimi bo\u015f bo\u015f bir koltu\u011fa att\u0131\u011f\u0131m zaman TV 8 a\u00e7\u0131p &#8220;bakal\u0131m \u015fimdi ne varm\u0131\u015f&#8221; dedi\u011fim olurdu.<\/p>\n<p>Yine b\u00f6yle bir g\u00fcn; yine g\u00fczel bir s\u00f6yle\u015fiye denk geldim. Konu &#8220;<strong>Adal\u0131 Olmak<\/strong>&#8221; gibi bir \u015feydi ve haliyle Adal\u0131lar\u0131 anlat\u0131yordu. Ya\u015fl\u0131 ba\u015fl\u0131, eskiden beri<strong> B\u00fcy\u00fck Ada<\/strong>&#8216;da ya\u015fayan insanlar orada ge\u00e7irdi\u011fi g\u00fcnleri anlat\u0131yordu. Ancak onlara \u00e7ok do\u011fal gelen baz\u0131 ayr\u0131nt\u0131lar vard\u0131 ki&#8230; Benim &#8220;<em>Hayat\u0131 bir sanat dal\u0131 gibi ele almak<\/em>&#8221; fikrimin en belirgin ba\u015fl\u0131klar\u0131ndan birini gayet do\u011fal anlat\u0131yordu bu ya\u015fl\u0131 insanlar.<\/p>\n<p>Ama daha da ilgin\u00e7 olan\u0131, benim<strong> ideal<\/strong> dedi\u011fim o ya\u015fam bi\u00e7imi, Adal\u0131larda me\u011ferse do\u011fal bir ya\u015fam bi\u00e7imiymi\u015f. Ger\u00e7ekmi\u015f yani!<\/p>\n<p>Amcam\u0131z anlat\u0131yor, diyor ki; &#8220;Kimimiz nalbur, kimimiz boyac\u0131, kimimiz bakkald\u0131k. Kimimiz manav kimimiz kasapt\u0131k. Hepimiz birbirimizi tan\u0131yorduk. Ak\u015fam be\u015fe kadar \u00e7al\u0131\u015f\u0131p evlerimize da\u011f\u0131l\u0131yorduk. Sonra da ak\u015fam e\u011flencelerimiz ba\u015fl\u0131yordu. Hepimiz \u00f6nl\u00fc\u011f\u00fcn\u00fc \u00e7\u0131kar\u0131nca birer<strong> Adal<\/strong>\u0131 olarak<strong> ya\u015fam<\/strong>\u0131m\u0131z\u0131n e\u011flenceli taraf\u0131na devam ederdik.&#8221;<\/p>\n<p>Ayr\u0131nt\u0131 \u015furada: Bizim bug\u00fcnk\u00fc milletimiz bir boyac\u0131 \u00f6nl\u00fc\u011f\u00fcn\u00fc giydi mi, sittin sene onu \u00fczerinden \u00e7\u0131karmaz. Daha da k\u00f6t\u00fcs\u00fc o \u00f6nl\u00fck ruhuna da yap\u0131\u015f\u0131r!<\/p>\n<p>Yani bir boyac\u0131 olan ki\u015fi \u00f6lene kadar boya yapmak \u00fczere haz\u0131r ve naz\u0131r bir ruhla ya\u015far gider. \u0130\u015fim bitti, burada bir ya\u015fam var; biraz da insani taraf\u0131mla ilgileneyim demez kimse&#8230;<\/p>\n<p>Bug\u00fcn kasaplar\u0131 uzaktan hepimiz tan\u0131r\u0131z, boyac\u0131lar\u0131 tan\u0131d\u0131\u011f\u0131m\u0131z gibi bankac\u0131lar\u0131 da tan\u0131r\u0131z. Bunlar belli bir kal\u0131ba girer ve o kal\u0131pla ya\u015far giderler. Olsun ki o \u00f6nl\u00fc\u011f\u00fc \u00fczerinden veya ruhundan almaya \u00e7al\u0131\u015f\u0131rsan\u0131z eminim ki deliriverirler.<\/p>\n<p>Adal\u0131 olanlar ise i\u015fi i\u015fte, hayat\u0131 ya\u015fam\u0131n i\u00e7inde ya\u015famay\u0131 ay\u0131rt edebilmi\u015f insanlard\u0131r. Bu y\u00fczden bizden farkl\u0131d\u0131rlar. Bu y\u00fczden \u0130stanbulu ve Ada haricindeki yerleri sevmezler.<\/p>\n<p>Biz de al\u0131k al\u0131k onlara bakar durur, haftasonu Adaya \u00e7ay i\u00e7meye gidince bile bir ho\u015f olur geliriz.<\/p>\n<p>Oysa ki <strong>Ada&#8217;da farkl\u0131 olan<\/strong> ne \u00e7ayd\u0131r, ne deniz, ne de g\u00f6ky\u00fcz\u00fc&#8230; Ada&#8217;da farkl\u0131 olan yazl\u0131klar da de\u011fildir.<\/p>\n<p>Ada&#8217;da ger\u00e7ekten farkl\u0131 olan tek \u015fey;<em> kendini tan\u0131mak, bilmek ve sevmektir.<\/em><\/p>\n<p>G\u00f6r\u00fc\u015fmek \u00fczere,<\/p>\n\n<div style=\"font-size: 0px; height: 0px; line-height: 0px; margin: 0; padding: 0; clear: both;\"><\/div>","protected":false},"excerpt":{"rendered":"<p>&#8212;&#8212; Televizyonla y\u0131ld\u0131z\u0131m hi\u00e7 bar\u0131\u015fmad\u0131 dersem yalan olmaz. Ancak TV 8 a\u00e7\u0131ld\u0131\u011f\u0131 o ilk d\u00f6nemlerde kalitesiyle dikkatimi \u00e7ekmi\u015fti. \u00d6zellikle sanatsal a\u011f\u0131rl\u0131kta bir kadraj, renk d\u00fczeni ve makyaj anlay\u0131\u015f\u0131 olmas\u0131yla do\u011frudan vizyon olarak &#8220;di\u011ferleri&#8221;nden benim g\u00f6z\u00fcmde ayr\u0131l\u0131yordu. Sanatsal programlar\u0131n a\u011f\u0131rl\u0131kta olmas\u0131 da cabas\u0131&#8230; Dolay\u0131s\u0131yla dinlenmek i\u00e7in kendimi bo\u015f bo\u015f bir koltu\u011fa att\u0131\u011f\u0131m zaman TV 8 a\u00e7\u0131p&hellip;<\/p>\n","protected":false},"author":27,"featured_media":0,"comment_status":"open","ping_status":"open","sticky":false,"template":"","format":"standard","meta":{"footnotes":""},"categories":[1],"tags":[116,117,118,120,25,119],"class_list":["post-1128","post","type-post","status-publish","format-standard","hentry","category-kisisel-bloglar","tag-ada","tag-adali","tag-adali-olmak","tag-buyuk-ada","tag-sanat","tag-sanatsal-programlar"],"_links":{"self":[{"href":"https:\/\/masonlar.org\/hur\/wp-json\/wp\/v2\/posts\/1128","targetHints":{"allow":["GET"]}}],"collection":[{"href":"https:\/\/masonlar.org\/hur\/wp-json\/wp\/v2\/posts"}],"about":[{"href":"https:\/\/masonlar.org\/hur\/wp-json\/wp\/v2\/types\/post"}],"author":[{"embeddable":true,"href":"https:\/\/masonlar.org\/hur\/wp-json\/wp\/v2\/users\/27"}],"replies":[{"embeddable":true,"href":"https:\/\/masonlar.org\/hur\/wp-json\/wp\/v2\/comments?post=1128"}],"version-history":[{"count":6,"href":"https:\/\/masonlar.org\/hur\/wp-json\/wp\/v2\/posts\/1128\/revisions"}],"predecessor-version":[{"id":1131,"href":"https:\/\/masonlar.org\/hur\/wp-json\/wp\/v2\/posts\/1128\/revisions\/1131"}],"wp:attachment":[{"href":"https:\/\/masonlar.org\/hur\/wp-json\/wp\/v2\/media?parent=1128"}],"wp:term":[{"taxonomy":"category","embeddable":true,"href":"https:\/\/masonlar.org\/hur\/wp-json\/wp\/v2\/categories?post=1128"},{"taxonomy":"post_tag","embeddable":true,"href":"https:\/\/masonlar.org\/hur\/wp-json\/wp\/v2\/tags?post=1128"}],"curies":[{"name":"wp","href":"https:\/\/api.w.org\/{rel}","templated":true}]}}